{"id":880,"date":"2026-02-02T16:48:46","date_gmt":"2026-02-02T15:48:46","guid":{"rendered":"https:\/\/laloge146.fr\/?p=880"},"modified":"2026-02-05T17:11:38","modified_gmt":"2026-02-05T16:11:38","slug":"evenement-public","status":"publish","type":"post","link":"http:\/\/laloge146.fr\/index.php\/2026\/02\/02\/evenement-public\/","title":{"rendered":"\ud83d\udea9 Ev\u00e9nement public"},"content":{"rendered":"\n<p>La F\u00eate des Terrasses &#8211; R\u00e9gion Sud<\/p>\n\n\n\n<ul class=\"wp-block-list\">\n<li>Ev\u00e9nement cr\u00e9\u00e9 pour valoriser les \u00e9tablissements CHR<\/li>\n\n\n\n<li>30 villes sur le territoire r\u00e9gional<\/li>\n\n\n\n<li>6 mois de mobilisation &#8211; 4 jours d&rsquo;\u00e9v\u00e9nements<\/li>\n\n\n\n<li>Recrutement et formation de 240 h\u00f4te(sse)s et 30 r\u00e9gisseurs<\/li>\n\n\n\n<li>Commandes des supports de communication, relation prestataires<\/li>\n\n\n\n<li>Coordination globale terrain<\/li>\n<\/ul>\n\n\n\n<figure class=\"wp-block-image size-full\"><img loading=\"lazy\" decoding=\"async\" width=\"640\" height=\"420\" src=\"https:\/\/laloge146.fr\/wp-content\/uploads\/2026\/02\/IMG_0742.jpeg\" alt=\"\" class=\"wp-image-927\" srcset=\"http:\/\/laloge146.fr\/wp-content\/uploads\/2026\/02\/IMG_0742.jpeg 640w, http:\/\/laloge146.fr\/wp-content\/uploads\/2026\/02\/IMG_0742-300x197.jpeg 300w\" sizes=\"auto, (max-width: 640px) 100vw, 640px\" \/><\/figure>\n\n\n\n<figure class=\"wp-block-image size-large\"><img loading=\"lazy\" decoding=\"async\" width=\"1024\" height=\"461\" src=\"https:\/\/laloge146.fr\/wp-content\/uploads\/2026\/02\/Region-Sud-FDT-2021-56-1024x461.jpg\" alt=\"\" class=\"wp-image-928\" srcset=\"http:\/\/laloge146.fr\/wp-content\/uploads\/2026\/02\/Region-Sud-FDT-2021-56-1024x461.jpg 1024w, http:\/\/laloge146.fr\/wp-content\/uploads\/2026\/02\/Region-Sud-FDT-2021-56-300x135.jpg 300w, http:\/\/laloge146.fr\/wp-content\/uploads\/2026\/02\/Region-Sud-FDT-2021-56-768x346.jpg 768w, http:\/\/laloge146.fr\/wp-content\/uploads\/2026\/02\/Region-Sud-FDT-2021-56-1536x691.jpg 1536w, http:\/\/laloge146.fr\/wp-content\/uploads\/2026\/02\/Region-Sud-FDT-2021-56.jpg 1600w\" sizes=\"auto, (max-width: 1024px) 100vw, 1024px\" \/><\/figure>\n\n\n\n<figure class=\"wp-block-image size-large\"><img loading=\"lazy\" decoding=\"async\" width=\"1024\" height=\"672\" src=\"https:\/\/laloge146.fr\/wp-content\/uploads\/2026\/02\/Combi-DJ-a-l-arret-RegionSud-1024x672.jpg\" alt=\"\" class=\"wp-image-932\" srcset=\"http:\/\/laloge146.fr\/wp-content\/uploads\/2026\/02\/Combi-DJ-a-l-arret-RegionSud-1024x672.jpg 1024w, http:\/\/laloge146.fr\/wp-content\/uploads\/2026\/02\/Combi-DJ-a-l-arret-RegionSud-300x197.jpg 300w, http:\/\/laloge146.fr\/wp-content\/uploads\/2026\/02\/Combi-DJ-a-l-arret-RegionSud-768x504.jpg 768w, http:\/\/laloge146.fr\/wp-content\/uploads\/2026\/02\/Combi-DJ-a-l-arret-RegionSud-1536x1009.jpg 1536w, http:\/\/laloge146.fr\/wp-content\/uploads\/2026\/02\/Combi-DJ-a-l-arret-RegionSud-2048x1345.jpg 2048w\" sizes=\"auto, (max-width: 1024px) 100vw, 1024px\" \/><\/figure>\n\n\n\n<figure class=\"wp-block-image size-large\"><img loading=\"lazy\" decoding=\"async\" width=\"1024\" height=\"683\" src=\"https:\/\/laloge146.fr\/wp-content\/uploads\/2026\/02\/TOULON-La-Fete-des-Terrasses-1-1024x683.jpg\" alt=\"\" class=\"wp-image-933\" srcset=\"http:\/\/laloge146.fr\/wp-content\/uploads\/2026\/02\/TOULON-La-Fete-des-Terrasses-1-1024x683.jpg 1024w, http:\/\/laloge146.fr\/wp-content\/uploads\/2026\/02\/TOULON-La-Fete-des-Terrasses-1-300x200.jpg 300w, http:\/\/laloge146.fr\/wp-content\/uploads\/2026\/02\/TOULON-La-Fete-des-Terrasses-1-768x512.jpg 768w, http:\/\/laloge146.fr\/wp-content\/uploads\/2026\/02\/TOULON-La-Fete-des-Terrasses-1-1536x1024.jpg 1536w, http:\/\/laloge146.fr\/wp-content\/uploads\/2026\/02\/TOULON-La-Fete-des-Terrasses-1-2048x1365.jpg 2048w\" sizes=\"auto, (max-width: 1024px) 100vw, 1024px\" \/><\/figure>\n","protected":false},"excerpt":{"rendered":"<p>La F\u00eate des Terrasses &#8211; R\u00e9gion Sud<\/p>\n","protected":false},"author":1,"featured_media":931,"comment_status":"closed","ping_status":"closed","sticky":false,"template":"","format":"standard","meta":{"footnotes":""},"categories":[1],"tags":[],"class_list":["post-880","post","type-post","status-publish","format-standard","has-post-thumbnail","hentry","category-non-classe"],"_links":{"self":[{"href":"http:\/\/laloge146.fr\/index.php\/wp-json\/wp\/v2\/posts\/880","targetHints":{"allow":["GET"]}}],"collection":[{"href":"http:\/\/laloge146.fr\/index.php\/wp-json\/wp\/v2\/posts"}],"about":[{"href":"http:\/\/laloge146.fr\/index.php\/wp-json\/wp\/v2\/types\/post"}],"author":[{"embeddable":true,"href":"http:\/\/laloge146.fr\/index.php\/wp-json\/wp\/v2\/users\/1"}],"replies":[{"embeddable":true,"href":"http:\/\/laloge146.fr\/index.php\/wp-json\/wp\/v2\/comments?post=880"}],"version-history":[{"count":3,"href":"http:\/\/laloge146.fr\/index.php\/wp-json\/wp\/v2\/posts\/880\/revisions"}],"predecessor-version":[{"id":934,"href":"http:\/\/laloge146.fr\/index.php\/wp-json\/wp\/v2\/posts\/880\/revisions\/934"}],"wp:featuredmedia":[{"embeddable":true,"href":"http:\/\/laloge146.fr\/index.php\/wp-json\/wp\/v2\/media\/931"}],"wp:attachment":[{"href":"http:\/\/laloge146.fr\/index.php\/wp-json\/wp\/v2\/media?parent=880"}],"wp:term":[{"taxonomy":"category","embeddable":true,"href":"http:\/\/laloge146.fr\/index.php\/wp-json\/wp\/v2\/categories?post=880"},{"taxonomy":"post_tag","embeddable":true,"href":"http:\/\/laloge146.fr\/index.php\/wp-json\/wp\/v2\/tags?post=880"}],"curies":[{"name":"wp","href":"https:\/\/api.w.org\/{rel}","templated":true}]}}